{"id":23,"date":"2016-07-17T15:57:04","date_gmt":"2016-07-17T15:57:04","guid":{"rendered":"http:\/\/www.christianvonholt.de\/?p=23"},"modified":"2016-08-17T03:43:28","modified_gmt":"2016-08-17T03:43:28","slug":"los-gehts-kanada-montreal-trois-rivieres-tadoussac","status":"publish","type":"post","link":"https:\/\/www.christianvonholt.de\/?p=23","title":{"rendered":"Los gehts! Kanada Montr\u00e9al, Trois-Rivi\u00e8res &#038; Tadoussac"},"content":{"rendered":"<h2><strong>IT\u2026IS\u2026ON!!<\/strong><\/h2>\n<p>Nachdem die letzten Tage in Bonn erwartungsgem\u00e4\u00df von zunehmend hektischen Vorbereitungen dominiert worden waren, war es dann schlie\u00dflich soweit! Montag der 4. Juli, alles soweit gepackt- und mal wieder mehr als gedacht\u2026\u00a0 Also Wohnungs\u00fcbergabe, und ab zum Bahnhof- heute ging es erst mal zu meinem Bruder nach Frankfurt, von dort sollte am n\u00e4chsten Morgen die Reise beginnen.<\/p>\n<p>Eigenartiges Gef\u00fchl, die T\u00fcr zur Wohnung zuzuziehen und sich auf den Weg zu machen- irgendwie surreal! Ein sch\u00f6nes Gef\u00fchl der Vorfreude, aber dennoch surreal und irgendwie wenig greifbar, schlie\u00dflich liegt nicht die <em>eine<\/em> Stadt oder die <em>eine<\/em> Insel vor mir, sondern eine Reise, wie ich sie bisher noch nie unternommen habe.<br \/>\nIm Zug dann ein kleines Wegbier- es geht los!<\/p>\n<p>Nach einem entspannten Abend dann in aller Fr\u00fche zum Flieger \u2013 \u201eBonjour, merci\u2026\u201c \u2013 schadet nicht, sich schon mal einzugew\u00f6hnen, schlie\u00dflich geht es nach Montreal in Kanada und dort spricht man Franz\u00f6sisch.<\/p>\n<p>&nbsp;<\/p>\n<p>Ich hatte nicht besonders viel geplant f\u00fcr Montreal und die Region Quebec,<!--more--> irgendwie ist das den \u00fcbrigen Vorbereitungen zum Opfer gefallen\u2026 immerhin hatte ich zwei Tage vor Abflug in der \u201eAuberge alternative du Vieux Montr\u00e9al\u201c drei N\u00e4chte in einem 10er Dorm gebucht- schlie\u00dflich erhielt die gute Kritiken im \u201aLonelyPlanet\u2018 der bleischwer und weitestgehend ungelesen in meinem Rucksack lag. Und wirklich war die Unterkunft sehr angenehm! In einem Altstadthaus in der N\u00e4he des alten Hafens gelegen lie\u00dfen sich von dort einige Sehensw\u00fcrdigkeiten bereits auf kurzen Fu\u00dfwegen erreichen, ansonsten war die Metro nicht allzu weit. Die Atmosph\u00e4re war nett und entspannt und ich kam schnell mit einigen Leuten ins Gespr\u00e4ch. Die meisten waren Franzosen, was nicht \u00fcberrascht, ist Quebec doch frankophon und daher f\u00fcr sie leicht bereisbar.<\/p>\n<p>Schnell wurde mir vor Augen gef\u00fchrt, dass meine Zeit in Rennes in der Tat einige Jahre her ist! Zum reichlich eingerosteten Franz\u00f6sisch kam allerdings noch die Tatsache hinzu, dass das \u201aQuebecois\u2018 selbst bei gestandene Franzosen bisweilen zu Stirnrunzeln f\u00fchrte. Man vergleiche hierzu tetesaclaques.tv! Allerdings erreicht man hier praktisch alles auch auf Englisch, was f\u00fcr den Anfang gar nicht unpraktisch war.<\/p>\n<p>Montreal ist wirklich eine sch\u00f6ne Stadt! Es gibt unter anderem eine eher franz\u00f6sische Altstadt und ein ausladendes Downtown mit breiten Stra\u00dfen und Wolkenkratzern, die auch schon mal die Kirche nebenan \u00fcberragen. Der erste Eindruck ist, dass es zwar wie eine amerikanische Gro\u00dfstadt aussieht, aber die Leute trotzdem recht entspannt und freundlich sind. Als ich auf dem Weg zum Hostel kurz innehielt um mich zu orientieren wurde ich gleich gefragt, ob man mir helfen k\u00f6nne.<\/p>\n<p>Die drei Tage, die ich hier hatte waren nat\u00fcrlich viel zu kurz um alles zu sehen! Neben einer Reihe von Museen und architektonischen Sehensw\u00fcrdigkeiten gibt es gro\u00dfe Anlagen von alten Gro\u00dfereignissen, wie der Weltausstellung 67, f\u00fcr die extra eine Insel im St.Lorenz Strom aufgesch\u00fcttet wurde, und den Olympiapark. Beides habe ich mir angesehen. Im Olympiapark gibt es auch ein Planetarium- recht neu und mit viel Aufwand installiert- das habe ich mir nat\u00fcrlich nicht entgehen lassen und es war ein gutes Mittagsprogramm vor dem EM Halbfinalspiel gegen Frankreich, welches hier aufgrund der Zeitverschiebung schon um 15 Uhr \u00fcbertragen wurde. In der Metro\u00a0 hatte ich einen Mann im Deutschlandtrikot angehauen, allerdings war es kein Deutscher, sondern ein fu\u00dfballverr\u00fcckter Kanadier\u2026 von dem erfuhr ich, der \u201e Place to be\u201c um das Spiel zu gucken sei die \u201aStation de Sport\u2018 im Village, dem Gay-Viertel von Montreal. Ausger\u00fcstet mit meinem Deutschland-Bandana musste ich zun\u00e4chst an der T\u00fcr der riesigen Sportsbar warten, denn es war schon eine ganze Menge los. Bedauerlicherweise \u2013 wenn auch wenig \u00fcberraschend- waren 99 % der Zuschauer Franzosen. Das einzige M\u00e4del im Deutschlandtrikot, das ich auftreiben konnte war zudem auch noch eine halbspanische Quebecerin, die halt zu Deutschland hielt, ihre Freundin jedoch zu Frankreich. Nach dem desastr\u00f6sen Spiel war der Jubel in dem Laden entsprechend gro\u00df, und ein paar junge Franzosen kamen g\u00f6nnerhaft zu uns f\u00fcr ein Shakehands und ein Bierchen. Alles in allem war es dennoch ein lustiger Nachmittag, wozu auch die zwei Kannen Sangria beigetragen haben d\u00fcrften, die wir uns unterdessen genehmigt hatten. Um den angebrochenen Abend nicht verkommen zu lassen, sind wir (nach einem kleinen Rundgang durchs Village) also weiter zum \u201aFestival de Jazz\u2018, einem gro\u00dfen Open Air Spektakel, dass sich derzeit in Montreal abspielte und wo auf mehreren Open Air B\u00fchnen mehr oder weniger jazzige Livemusik geboten wird. Tolle Sache! Quasi ein ganzes Viertel ist abgesperrt und drumherum die Kulisse der Stadt\u2026 das war wirklich sch\u00f6n! (Wie ich einige Tage sp\u00e4ter erfuhr, gab es einen Zwischenfall, wo jemand versucht hat eine Bombe auf das Gel\u00e4nde zu schmuggeln. Gl\u00fccklicherweise wurde das bei der Kontrolle bemerkt und niemand wurde verletzt!)<\/p>\n<p>Mein grob gefasster Plan sah vor, dass ich mich nach den drei N\u00e4chten in Montreal Richtung Quebec City begebe und schlie\u00dflich am 19.7. von Toronto nach Vancouver fliege (den Flug hatte ich von Deutschland aus bereits gekauft). Genaueres war unklar und ich daher offen f\u00fcr gute Ideen! Im Hostel lernte ich die beiden Franzosen Arnaud und Franck kennen, die mir anboten, sie auf ihrer Tour nach Trois-Rivier\u00e8res \u2013Tadoussac-Quebec City zu begleiten. Sie hatten einen Mietwagen und ein Chalet, also so eine Art Blockhaus, an einem See bei Tadoussac gemietet. Letzteres f\u00fcr vier Tage und insbesondere daf\u00fcr suchten sie noch jemanden um die Kosten zu teilen und weil das zu dritt lustiger ist als zu zweit. Auch wenn das meine Planung f\u00fcr Toronto ganz sch\u00f6n stauchen w\u00fcrde fand ich die Idee gut- ein paar Tage am See chillen, das war eigentlich genau das Richtige! In Trois-Rivier\u00e8res waren wir drei N\u00e4chte, was definitiv zu lang war, denn hier gab es eigentlich nicht besonders viel zu sehen. Highlight war der Besuch des \u00f6rtlichen Gef\u00e4ngnis-Museums, wo einen Ex-Knackies durch die R\u00e4umlichkeiten f\u00fchren und dem ganzen eine pers\u00f6nliche Note verleihen. Das war durchaus spannend- bzw h\u00e4tte spannend sein k\u00f6nnen, h\u00e4tte ich nicht von jedem Abschnitt der Tour lediglich nur die gr\u00f6bsten Zusammenh\u00e4nge verstanden- der gute Mann sprach tiefstes Quebecois! Die T\u00eates \u00e0 claques sind nichts dagegen! Arnaud hatte wenig Probleme, da er sich durch eine Freundin (Kim), die von hier kam, und die wir zum geocachen und Essen trafen, bereits gut reingeh\u00f6rt hatte, aber es war beruhigend zu sehen, dass selbst Franck manchmal ratlos die Augenbrauen hochzog. Die beiden gaben mir unterwegs immer eine kleine \u201eSimultan\u00fcbersetzung\u201c und manches hab ich mir hinterher in Ruhe erkl\u00e4ren lassen. \u00dcberhaupt bedeutete die Reise mit den beiden f\u00fcr mich nat\u00fcrlich, mich nochmal richtig reinzudenken ins Franz\u00f6sische, was zwangsl\u00e4ufig auch ganz sch\u00f6n erm\u00fcdend, in jedem Fall aber ein Gewinn ist!<\/p>\n<p>Das sch\u00f6ne Wetter in Montreal wurde in Trois-Rivi\u00e8res abgel\u00f6st durch usseliges Regenwetter, was der Stadt durchaus zu einer gewissen Trostlosigkeit verhalf. Der Eindruck wurde noch verst\u00e4rkt dadurch, dass \u00fcber allem best\u00e4ndig der entfernte Geruch nach ger\u00e4uchertem Lachs lag. Man mag auf Anhieb nun denken \u2013 \u201ehm \u2013 lecker, Lachs\u201c, der aufkeimende Appetit wurde allerdings ab dem Moment in konsequentes Magendr\u00fccken \u00fcberf\u00fchrt, als Kim mir erz\u00e4hlte, das w\u00e4re mitnichten R\u00e4ucherlachs, der da in der Luft lag, sondern die Ausd\u00fcnstungen der gro\u00dfen Papierfabriken (einem wichtigen Wirtschaftsfaktor in Trois-Rivi\u00e8res). Selbst w\u00e4hrend ich das hier schreibe wird mir an dieser Stelle nochmal ein wenig flau\u2026<\/p>\n<p>Um dem Regen zu entfliehen besuchten wir auch die \u201eCit\u00e9 de l\u2019\u00c9nergie\u201c bei Shawinigan, ein gut gemachtes Museum rund um die in Qu\u00e9bec sehr wichtige Energiegewinnung aus Wasserkraft. Tags drauf ging es dann nach Tadoussac, zur H\u00fctte am \u201eLac \u00e0 Jimmy\u201c. Das f\u00fcr 12 Personen ausgelegte Chalet hatten wir im Endeffekt komplett f\u00fcr uns allein, was durchaus angenehm war! Jeder hatte sein eigenes Zimmer, alles war aus Holz und es gab weder Strom noch Handynetz. \u00dcber eine Solarzelle wurde tags\u00fcber eine Batterie aufgeladen mit der man abends zumindest ein paar Lichter anmachen konnte, warmes Wasser und der (typisch amerikanisch) \u00fcberdimensionierte K\u00fchlschrank wurden \u2013wie der Herd- mit Gas betrieben. Direkt am Wasser gelegen und am Hang gebaut \u00fcberblickt der gro\u00dfe Balkon des Chalets den kleinen See und die W\u00e4lder und das ganze k\u00f6nnte unfassbar naturbelassen sein, w\u00fcrde das Panorama nicht durch die Starkstromleitung getr\u00fcbt, die sich quer \u00fcber den See spannt und ein dezentes Brutzeln von sich gibt. Was solls- Opfer wollen gebracht werden! Ein weiteres w\u00e4re wohl, dass es in dem See anscheinend Blutegel geben soll\u2026 ist aber kein Problem, man darf halt nicht vom Ufer reingehen, aber vom Boot aus schwimmen: kein Problem! War es auch nicht! Trotz Stromleitung war das ganze auf jeden Fall schon mal ein bisschen Natur-pur! Sauberes Wasser, nirgendwo Plastikt\u00fcten oder Coladosen, wir haben Bieber und deren D\u00e4mme gesehen, lustige Kanutouren auf dem See unternommen und die Felsen am Ufer erklettert. Ansonsten wurde die Zeit ausgedehnt mit nichtstun und lesen\u00a0 durchgebracht, was f\u00fcr mich anscheinend der angemessene Zeitpunkt war, die willkommen-im-Urlaub-Erk\u00e4ltung zu starten\u2026<\/p>\n<p>Bei noch gutem Wetter absolvierten wir die beiden Hauptprogrammpunkte, die es hier aktiv zu nehmen galt: B\u00e4ren-gucken und Whale-watching. Beide Male mit Erfolg. Ersteres k\u00f6nnte sich so abgespielt haben\u2026<\/p>\n<p><a  href=\"https:\/\/www.christianvonholt.de\/WordPress_01\/wp-content\/uploads\/2016\/07\/img_5919.jpg\" data-rel=\"lightbox-gallery-1\" data-rl_title=\"So k\u00f6nnte es gewesen sein...\" data-rl_caption=\"\" title=\"So k\u00f6nnte es gewesen sein...\"><img decoding=\"async\" loading=\"lazy\" class=\"alignnone size-full wp-image-27\" src=\"https:\/\/www.christianvonholt.de\/WordPress_01\/wp-content\/uploads\/2016\/07\/img_5919.jpg\" alt=\"\" width=\"850\" height=\"638\" srcset=\"https:\/\/www.christianvonholt.de\/WordPress_01\/wp-content\/uploads\/2016\/07\/img_5919.jpg 850w, https:\/\/www.christianvonholt.de\/WordPress_01\/wp-content\/uploads\/2016\/07\/img_5919-300x225.jpg 300w, https:\/\/www.christianvonholt.de\/WordPress_01\/wp-content\/uploads\/2016\/07\/img_5919-768x576.jpg 768w\" sizes=\"(max-width: 850px) 100vw, 850px\" \/><\/a><br \/>\n\u2026 vielleicht sa\u00dfen wir aber auch in einem Bretterverschlag mit bestenfalls psychologisch wirksamem Elektrozaun drumherum und beobachteten, wie sich die B\u00e4ren in 50 m Entfernung \u00fcber gro\u00dfe Mengen Kuchen hermachten. \u00a0Alles irgendwie gar nicht so weit weg von unserer H\u00fctte\u2026 die Viecher laufen hier halt frei herum. Auch wenn man als Mensch f\u00fcr den Schwarzb\u00e4ren (anders als f\u00fcr den Grizzly) nicht ins Beuteschema f\u00e4llt, ist eine Begegnung ohne Elektrozaun und Ranger mit Gewehr wohl eher zu vermeiden\u2026<\/p>\n<p>Auf die Wale mussten wir etwas l\u00e4nger warten. Dick eingepackt in \u00d6lhose und warmem Parka f\u00fchren wir in einer Art gro\u00dfem Schlauchboot mit rund zwanzig Leuten auf den St Lorenz Strom hinaus. Der zun\u00e4chst an bestimmter Stelle vermutete Blauwal zeigte sich nicht. Ab und zu ein paar Delphine \u2013 aber wegen denen waren wir schlie\u00dflich nicht hier! Nach einer halben Stunde erfolglosem Kreuzen entschied der Kapit\u00e4n die Suche an anderer Stelle \u2013 mit anderen Walen- fortzusetzen. Und tats\u00e4chlich: mit wiederum etwas Geduld sahen wir schlie\u00dflich zwei Buckelwale, die stilecht Luft durchs Atemloch ausbliesen und zum Abtauchen brav die Schwanzflosse zeigten. Einer schwamm auch mal direkt auf das Boot zu und tauchte drunter her. Nach insgesamt ca. zwei Stunden Bootsfahrt ging es dann wieder an Land. Auch wenn ich mir etwas mehr netto Wal-Zeit und vielleicht den ein oder anderen Sprung erhofft h\u00e4tte, das war schon ne sch\u00f6ne Aktion!<\/p>\n<p>In unserer H\u00fctte am See waren wir Selbstversorger, was keineswegs bedeutet, dass es jeden Abend Nudeln mit So\u00dfe gab\u2026 im Gegenteil! Was sich in Trois-Rivi\u00e8res im Hostel schon andeutete setzte sich hier gradewegs fort: meine beiden Franzosen waren Freunde der guten K\u00fcche und des Savoir-vivre! Da wurde mit einer L\u00e4ssigkeit mal dies mal jenes gezaubert und auch aus den Resten nochmal gut gegessen. Zun\u00e4chst f\u00fchrte ich das beeindruckt auf die franz\u00f6sische Lebensart zur\u00fcck, bis ich erfuhr, dass Franck gelernter Koch ist\u2026! Ha! Man muss nur die richtigen Leute kennen! Arnaud, der Konditor, hat sich jedoch mit wortreichen Ausfl\u00fcchten \u00fcber Liegezeit und Zubereitungsbedingungen von Bl\u00e4tterteig aus der Aff\u00e4re gezogen, als es um frische Croissants zum Fr\u00fchst\u00fcck ging\u2026 sei\u2019s drum.<\/p>\n<p>Morgen geht es nach Quebec City, von wo ich nach zwei N\u00e4chten weiter nach Toronto fliege. Dort stehen aufgrund der K\u00fcrze der Zeit nur die Niagaraf\u00e4lle und ein Treffen mit einer alten Hawaiibekanntschaft an: Dialla, mit der ich- zusammen mit Greg dem Australier- \u00fcber O\u2019ahu einen Fallschirmsprung gemacht habe! Am 19. Geht es dann mit dem Flieger nach Vancouver!<\/p>\n<p>Also- stay tuned! Beste Gr\u00fc\u00dfe, Christian<\/p>\n<p>&nbsp;<\/p>\n<div data-carousel-extra='{\"blog_id\":1,\"permalink\":\"https:\\\/\\\/www.christianvonholt.de\\\/?p=23\"}' class=\"tiled-gallery type-rectangular\" data-original-width=\"660\"><div class=\"gallery-row\" style=\"width: 655px; height: 430px;\"><div class=\"gallery-group images-1\" style=\"width: 326px; height: 434px;\"><div class=\"tiled-gallery-item tiled-gallery-item-large\"><a  href=\"https:\/\/www.christianvonholt.de\/WordPress_01\/wp-content\/uploads\/2016\/07\/IMG_0050.jpg\" data-rel=\"lightbox-gallery-bGlnaHRib3gtZ2FsbGVyeS1NUT09\" data-rl_title=\"Stadtbild von Montr\u00e9al\" data-rl_caption=\"\" data-rl_title=\"Stadtbild von Montr\u00e9al\" data-rl_caption=\"\"><img data-attachment-id=\"31\" data-orig-file=\"https:\/\/www.christianvonholt.de\/WordPress_01\/wp-content\/uploads\/2016\/07\/IMG_0050.jpg\" data-orig-size=\"3888,5184\" data-comments-opened=\"1\" data-image-meta=\"{&quot;aperture&quot;:&quot;4&quot;,&quot;credit&quot;:&quot;&quot;,&quot;camera&quot;:&quot;Canon PowerShot SX720 HS&quot;,&quot;caption&quot;:&quot;&quot;,&quot;created_timestamp&quot;:&quot;1467822184&quot;,&quot;copyright&quot;:&quot;&quot;,&quot;focal_length&quot;:&quot;5.346&quot;,&quot;iso&quot;:&quot;80&quot;,&quot;shutter_speed&quot;:&quot;0.0015625&quot;,&quot;title&quot;:&quot;&quot;,&quot;orientation&quot;:&quot;1&quot;}\" data-image-title=\"IMG_0050\" data-image-description=\"&lt;p&gt;Stadtbild in Montr\u00e9al&lt;\/p&gt;\n\" data-medium-file=\"https:\/\/www.christianvonholt.de\/WordPress_01\/wp-content\/uploads\/2016\/07\/IMG_0050-225x300.jpg\" data-large-file=\"https:\/\/www.christianvonholt.de\/WordPress_01\/wp-content\/uploads\/2016\/07\/IMG_0050-768x1024.jpg\" src=\"https:\/\/www.christianvonholt.de\/WordPress_01\/wp-content\/uploads\/2016\/07\/IMG_0050-322x430.jpg\" width=\"322\" height=\"430\" align=\"left\" title=\"Stadtbild von Montr\u00e9al\" \/><\/a><div class=\"tiled-gallery-caption\">Stadtbild von Montr\u00e9al<\/div><\/div><\/div><div class=\"gallery-group images-2\" style=\"width: 329px; height: 434px;\"><div class=\"tiled-gallery-item tiled-gallery-item-large\"><a  href=\"https:\/\/www.christianvonholt.de\/WordPress_01\/wp-content\/uploads\/2016\/07\/IMG_0083.jpg\" data-rel=\"lightbox-gallery-bGlnaHRib3gtZ2FsbGVyeS1NUT09\" data-rl_title=\"The (Gay) Village\" data-rl_caption=\"\" data-rl_title=\"The (Gay) Village\" data-rl_caption=\"\"><img data-attachment-id=\"30\" data-orig-file=\"https:\/\/www.christianvonholt.de\/WordPress_01\/wp-content\/uploads\/2016\/07\/IMG_0083.jpg\" data-orig-size=\"5184,3888\" data-comments-opened=\"1\" data-image-meta=\"{&quot;aperture&quot;:&quot;4.5&quot;,&quot;credit&quot;:&quot;&quot;,&quot;camera&quot;:&quot;Canon PowerShot SX720 HS&quot;,&quot;caption&quot;:&quot;&quot;,&quot;created_timestamp&quot;:&quot;1467939303&quot;,&quot;copyright&quot;:&quot;&quot;,&quot;focal_length&quot;:&quot;11.862&quot;,&quot;iso&quot;:&quot;80&quot;,&quot;shutter_speed&quot;:&quot;0.004&quot;,&quot;title&quot;:&quot;&quot;,&quot;orientation&quot;:&quot;1&quot;}\" data-image-title=\"IMG_0083\" data-image-description=\"&lt;p&gt;The (Gay) Village&lt;\/p&gt;\n\" data-medium-file=\"https:\/\/www.christianvonholt.de\/WordPress_01\/wp-content\/uploads\/2016\/07\/IMG_0083-300x225.jpg\" data-large-file=\"https:\/\/www.christianvonholt.de\/WordPress_01\/wp-content\/uploads\/2016\/07\/IMG_0083-1024x768.jpg\" src=\"https:\/\/www.christianvonholt.de\/WordPress_01\/wp-content\/uploads\/2016\/07\/IMG_0083-325x244.jpg\" width=\"325\" height=\"244\" align=\"left\" title=\"The (Gay) Village\" \/><\/a><div class=\"tiled-gallery-caption\">The (Gay) Village<\/div><\/div><div class=\"tiled-gallery-item tiled-gallery-item-large\"><a  href=\"https:\/\/www.christianvonholt.de\/WordPress_01\/wp-content\/uploads\/2016\/07\/IMG_0070.jpg\" data-rel=\"lightbox-gallery-bGlnaHRib3gtZ2FsbGVyeS1NUT09\" data-rl_title=\"La Biosph\u00e8re- der ehemalige amerikanische Pavillion bei der Weltausstellung 67\" data-rl_caption=\"\" data-rl_title=\"La Biosph\u00e8re- der ehemalige amerikanische Pavillion bei der Weltausstellung 67\" data-rl_caption=\"\"><img data-attachment-id=\"32\" data-orig-file=\"https:\/\/www.christianvonholt.de\/WordPress_01\/wp-content\/uploads\/2016\/07\/IMG_0070.jpg\" data-orig-size=\"5184,2912\" data-comments-opened=\"1\" data-image-meta=\"{&quot;aperture&quot;:&quot;4&quot;,&quot;credit&quot;:&quot;&quot;,&quot;camera&quot;:&quot;Canon PowerShot SX720 HS&quot;,&quot;caption&quot;:&quot;&quot;,&quot;created_timestamp&quot;:&quot;1467830514&quot;,&quot;copyright&quot;:&quot;&quot;,&quot;focal_length&quot;:&quot;4.3&quot;,&quot;iso&quot;:&quot;80&quot;,&quot;shutter_speed&quot;:&quot;0.0008&quot;,&quot;title&quot;:&quot;&quot;,&quot;orientation&quot;:&quot;1&quot;}\" data-image-title=\"IMG_0070\" data-image-description=\"&lt;p&gt;La Biosph\u00e8re- der ehemalige amerikanische Pavillion bei der Weltausstellung 67&lt;\/p&gt;\n\" data-medium-file=\"https:\/\/www.christianvonholt.de\/WordPress_01\/wp-content\/uploads\/2016\/07\/IMG_0070-300x169.jpg\" data-large-file=\"https:\/\/www.christianvonholt.de\/WordPress_01\/wp-content\/uploads\/2016\/07\/IMG_0070-1024x575.jpg\" src=\"https:\/\/www.christianvonholt.de\/WordPress_01\/wp-content\/uploads\/2016\/07\/IMG_0070-325x182.jpg\" width=\"325\" height=\"182\" align=\"left\" title=\"La Biosph\u00e8re- der ehemalige amerikanische Pavillion bei der Weltausstellung 67\" \/><\/a><div class=\"tiled-gallery-caption\">La Biosph\u00e8re- der ehemalige amerikanische Pavillion bei der Weltausstellung 67<\/div><\/div><\/div><\/div><div class=\"gallery-row\" style=\"width: 655px; height: 188px;\"><div class=\"gallery-group images-1\" style=\"width: 145px; height: 192px;\"><div class=\"tiled-gallery-item tiled-gallery-item-small\"><a  href=\"https:\/\/www.christianvonholt.de\/WordPress_01\/wp-content\/uploads\/2016\/07\/IMG_5854.jpg\" data-rel=\"lightbox-gallery-bGlnaHRib3gtZ2FsbGVyeS1NUT09\" data-rl_title=\"Festival de Jazz\" data-rl_caption=\"\" data-rl_title=\"Festival de Jazz\" data-rl_caption=\"\"><img data-attachment-id=\"33\" data-orig-file=\"https:\/\/www.christianvonholt.de\/WordPress_01\/wp-content\/uploads\/2016\/07\/IMG_5854.jpg\" data-orig-size=\"2448,3264\" data-comments-opened=\"1\" data-image-meta=\"{&quot;aperture&quot;:&quot;2.2&quot;,&quot;credit&quot;:&quot;&quot;,&quot;camera&quot;:&quot;iPhone 5s&quot;,&quot;caption&quot;:&quot;&quot;,&quot;created_timestamp&quot;:&quot;1467840164&quot;,&quot;copyright&quot;:&quot;&quot;,&quot;focal_length&quot;:&quot;4.15&quot;,&quot;iso&quot;:&quot;500&quot;,&quot;shutter_speed&quot;:&quot;0.066666666666667&quot;,&quot;title&quot;:&quot;&quot;,&quot;orientation&quot;:&quot;1&quot;}\" data-image-title=\"IMG_5854\" data-image-description=\"&lt;p&gt;Festival de Jazz&lt;\/p&gt;\n\" data-medium-file=\"https:\/\/www.christianvonholt.de\/WordPress_01\/wp-content\/uploads\/2016\/07\/IMG_5854-225x300.jpg\" data-large-file=\"https:\/\/www.christianvonholt.de\/WordPress_01\/wp-content\/uploads\/2016\/07\/IMG_5854-768x1024.jpg\" src=\"https:\/\/www.christianvonholt.de\/WordPress_01\/wp-content\/uploads\/2016\/07\/IMG_5854-141x188.jpg\" width=\"141\" height=\"188\" align=\"left\" title=\"Festival de Jazz\" \/><\/a><div class=\"tiled-gallery-caption\">Festival de Jazz<\/div><\/div><\/div><div class=\"gallery-group images-1\" style=\"width: 255px; height: 192px;\"><div class=\"tiled-gallery-item tiled-gallery-item-large\"><a  href=\"https:\/\/www.christianvonholt.de\/WordPress_01\/wp-content\/uploads\/2016\/07\/IMG_5852.jpg\" data-rel=\"lightbox-gallery-bGlnaHRib3gtZ2FsbGVyeS1NUT09\" data-rl_title=\"Festival de Jazz\" data-rl_caption=\"\" data-rl_title=\"Festival de Jazz\" data-rl_caption=\"\"><img data-attachment-id=\"34\" data-orig-file=\"https:\/\/www.christianvonholt.de\/WordPress_01\/wp-content\/uploads\/2016\/07\/IMG_5852.jpg\" data-orig-size=\"3264,2448\" data-comments-opened=\"1\" data-image-meta=\"{&quot;aperture&quot;:&quot;2.2&quot;,&quot;credit&quot;:&quot;&quot;,&quot;camera&quot;:&quot;iPhone 5s&quot;,&quot;caption&quot;:&quot;&quot;,&quot;created_timestamp&quot;:&quot;1467839142&quot;,&quot;copyright&quot;:&quot;&quot;,&quot;focal_length&quot;:&quot;4.15&quot;,&quot;iso&quot;:&quot;125&quot;,&quot;shutter_speed&quot;:&quot;0.033333333333333&quot;,&quot;title&quot;:&quot;&quot;,&quot;orientation&quot;:&quot;1&quot;}\" data-image-title=\"IMG_5852\" data-image-description=\"&lt;p&gt;Festival de Jazz&lt;\/p&gt;\n\" data-medium-file=\"https:\/\/www.christianvonholt.de\/WordPress_01\/wp-content\/uploads\/2016\/07\/IMG_5852-300x225.jpg\" data-large-file=\"https:\/\/www.christianvonholt.de\/WordPress_01\/wp-content\/uploads\/2016\/07\/IMG_5852-1024x768.jpg\" src=\"https:\/\/www.christianvonholt.de\/WordPress_01\/wp-content\/uploads\/2016\/07\/IMG_5852-251x188.jpg\" width=\"251\" height=\"188\" align=\"left\" title=\"Festival de Jazz\" \/><\/a><div class=\"tiled-gallery-caption\">Festival de Jazz<\/div><\/div><\/div><div class=\"gallery-group images-1\" style=\"width: 145px; height: 192px;\"><div class=\"tiled-gallery-item tiled-gallery-item-small\"><a  href=\"https:\/\/www.christianvonholt.de\/WordPress_01\/wp-content\/uploads\/2016\/07\/IMG_0120.jpg\" data-rel=\"lightbox-gallery-bGlnaHRib3gtZ2FsbGVyeS1NUT09\" data-rl_title=\"Public Pianoplaying in Trois-Rivi\u00e8res\" data-rl_caption=\"\" data-rl_title=\"Public Pianoplaying in Trois-Rivi\u00e8res\" data-rl_caption=\"\"><img data-attachment-id=\"38\" data-orig-file=\"https:\/\/www.christianvonholt.de\/WordPress_01\/wp-content\/uploads\/2016\/07\/IMG_0120.jpg\" data-orig-size=\"3888,5184\" data-comments-opened=\"1\" data-image-meta=\"{&quot;aperture&quot;:&quot;4&quot;,&quot;credit&quot;:&quot;&quot;,&quot;camera&quot;:&quot;Canon PowerShot SX720 HS&quot;,&quot;caption&quot;:&quot;&quot;,&quot;created_timestamp&quot;:&quot;1468017093&quot;,&quot;copyright&quot;:&quot;&quot;,&quot;focal_length&quot;:&quot;4.3&quot;,&quot;iso&quot;:&quot;80&quot;,&quot;shutter_speed&quot;:&quot;0.00125&quot;,&quot;title&quot;:&quot;&quot;,&quot;orientation&quot;:&quot;1&quot;}\" data-image-title=\"IMG_0120\" data-image-description=\"&lt;p&gt;Public Pianoplaying in Trois-Rivi\u00e8res&lt;\/p&gt;\n\" data-medium-file=\"https:\/\/www.christianvonholt.de\/WordPress_01\/wp-content\/uploads\/2016\/07\/IMG_0120-225x300.jpg\" data-large-file=\"https:\/\/www.christianvonholt.de\/WordPress_01\/wp-content\/uploads\/2016\/07\/IMG_0120-768x1024.jpg\" src=\"https:\/\/www.christianvonholt.de\/WordPress_01\/wp-content\/uploads\/2016\/07\/IMG_0120-141x188.jpg\" width=\"141\" height=\"188\" align=\"left\" title=\"Public Pianoplaying in Trois-Rivi\u00e8res\" \/><\/a><div class=\"tiled-gallery-caption\">Public Pianoplaying in Trois-Rivi\u00e8res<\/div><\/div><\/div><div class=\"gallery-group images-1\" style=\"width: 110px; height: 192px;\"><div class=\"tiled-gallery-item tiled-gallery-item-small\"><a  href=\"https:\/\/www.christianvonholt.de\/WordPress_01\/wp-content\/uploads\/2016\/07\/img_6005.jpg\" data-rel=\"lightbox-gallery-bGlnaHRib3gtZ2FsbGVyeS1NUT09\" data-rl_title=\"spricht f\u00fcr sich...\" data-rl_caption=\"\" data-rl_title=\"spricht f\u00fcr sich...\" data-rl_caption=\"\"><img data-attachment-id=\"43\" data-orig-file=\"https:\/\/www.christianvonholt.de\/WordPress_01\/wp-content\/uploads\/2016\/07\/img_6005.jpg\" data-orig-size=\"320,568\" data-comments-opened=\"1\" data-image-meta=\"{&quot;aperture&quot;:&quot;0&quot;,&quot;credit&quot;:&quot;&quot;,&quot;camera&quot;:&quot;&quot;,&quot;caption&quot;:&quot;&quot;,&quot;created_timestamp&quot;:&quot;0&quot;,&quot;copyright&quot;:&quot;&quot;,&quot;focal_length&quot;:&quot;0&quot;,&quot;iso&quot;:&quot;0&quot;,&quot;shutter_speed&quot;:&quot;0&quot;,&quot;title&quot;:&quot;&quot;,&quot;orientation&quot;:&quot;1&quot;}\" data-image-title=\"img_6005.jpg\" data-image-description=\"&lt;p&gt;spricht f\u00fcr sich&#8230;&lt;\/p&gt;\n\" data-medium-file=\"https:\/\/www.christianvonholt.de\/WordPress_01\/wp-content\/uploads\/2016\/07\/img_6005-169x300.jpg\" data-large-file=\"https:\/\/www.christianvonholt.de\/WordPress_01\/wp-content\/uploads\/2016\/07\/img_6005.jpg\" src=\"https:\/\/www.christianvonholt.de\/WordPress_01\/wp-content\/uploads\/2016\/07\/img_6005-106x188.jpg\" width=\"106\" height=\"188\" align=\"left\" title=\"spricht f\u00fcr sich...\" \/><\/a><div class=\"tiled-gallery-caption\">spricht f\u00fcr sich&#8230;<\/div><\/div><\/div><\/div><div class=\"gallery-row\" style=\"width: 655px; height: 161px;\"><div class=\"gallery-group images-1\" style=\"width: 219px; height: 165px;\"><div class=\"tiled-gallery-item tiled-gallery-item-small\"><a  href=\"https:\/\/www.christianvonholt.de\/WordPress_01\/wp-content\/uploads\/2016\/07\/img_6006.jpg\" data-rel=\"lightbox-gallery-bGlnaHRib3gtZ2FsbGVyeS1NUT09\" data-rl_title=\"Sportsbar\" data-rl_caption=\"\" data-rl_title=\"Sportsbar\" data-rl_caption=\"\"><img data-attachment-id=\"45\" data-orig-file=\"https:\/\/www.christianvonholt.de\/WordPress_01\/wp-content\/uploads\/2016\/07\/img_6006.jpg\" data-orig-size=\"3264,2448\" data-comments-opened=\"1\" data-image-meta=\"{&quot;aperture&quot;:&quot;0&quot;,&quot;credit&quot;:&quot;&quot;,&quot;camera&quot;:&quot;&quot;,&quot;caption&quot;:&quot;&quot;,&quot;created_timestamp&quot;:&quot;0&quot;,&quot;copyright&quot;:&quot;&quot;,&quot;focal_length&quot;:&quot;0&quot;,&quot;iso&quot;:&quot;0&quot;,&quot;shutter_speed&quot;:&quot;0&quot;,&quot;title&quot;:&quot;&quot;,&quot;orientation&quot;:&quot;1&quot;}\" data-image-title=\"img_6006.jpg\" data-image-description=\"&lt;p&gt;Sportsbar &lt;\/p&gt;\n\" data-medium-file=\"https:\/\/www.christianvonholt.de\/WordPress_01\/wp-content\/uploads\/2016\/07\/img_6006-300x225.jpg\" data-large-file=\"https:\/\/www.christianvonholt.de\/WordPress_01\/wp-content\/uploads\/2016\/07\/img_6006-1024x768.jpg\" src=\"https:\/\/www.christianvonholt.de\/WordPress_01\/wp-content\/uploads\/2016\/07\/img_6006-215x161.jpg\" width=\"215\" height=\"161\" align=\"left\" title=\"Sportsbar\" \/><\/a><div class=\"tiled-gallery-caption\">Sportsbar <\/div><\/div><\/div><div class=\"gallery-group images-1\" style=\"width: 218px; height: 165px;\"><div class=\"tiled-gallery-item tiled-gallery-item-small\"><a  href=\"https:\/\/www.christianvonholt.de\/WordPress_01\/wp-content\/uploads\/2016\/07\/IMG_5885.jpg\" data-rel=\"lightbox-gallery-bGlnaHRib3gtZ2FsbGVyeS1NUT09\" data-rl_title=\"Haute Cuisine mit Franck\" data-rl_caption=\"\" data-rl_title=\"Haute Cuisine mit Franck\" data-rl_caption=\"\"><img data-attachment-id=\"35\" data-orig-file=\"https:\/\/www.christianvonholt.de\/WordPress_01\/wp-content\/uploads\/2016\/07\/IMG_5885.jpg\" data-orig-size=\"3264,2448\" data-comments-opened=\"1\" data-image-meta=\"{&quot;aperture&quot;:&quot;2.2&quot;,&quot;credit&quot;:&quot;&quot;,&quot;camera&quot;:&quot;iPhone 5s&quot;,&quot;caption&quot;:&quot;&quot;,&quot;created_timestamp&quot;:&quot;1468074324&quot;,&quot;copyright&quot;:&quot;&quot;,&quot;focal_length&quot;:&quot;4.15&quot;,&quot;iso&quot;:&quot;250&quot;,&quot;shutter_speed&quot;:&quot;0.058823529411765&quot;,&quot;title&quot;:&quot;&quot;,&quot;orientation&quot;:&quot;1&quot;}\" data-image-title=\"IMG_5885\" data-image-description=\"&lt;p&gt;Haute Cuisine mit Franck&lt;\/p&gt;\n\" data-medium-file=\"https:\/\/www.christianvonholt.de\/WordPress_01\/wp-content\/uploads\/2016\/07\/IMG_5885-300x225.jpg\" data-large-file=\"https:\/\/www.christianvonholt.de\/WordPress_01\/wp-content\/uploads\/2016\/07\/IMG_5885-1024x768.jpg\" src=\"https:\/\/www.christianvonholt.de\/WordPress_01\/wp-content\/uploads\/2016\/07\/IMG_5885-214x161.jpg\" width=\"214\" height=\"161\" align=\"left\" title=\"Haute Cuisine mit Franck\" \/><\/a><div class=\"tiled-gallery-caption\">Haute Cuisine mit Franck<\/div><\/div><\/div><div class=\"gallery-group images-1\" style=\"width: 218px; height: 165px;\"><div class=\"tiled-gallery-item tiled-gallery-item-small\"><a  href=\"https:\/\/www.christianvonholt.de\/WordPress_01\/wp-content\/uploads\/2016\/07\/IMG_5900.jpg\" data-rel=\"lightbox-gallery-bGlnaHRib3gtZ2FsbGVyeS1NUT09\" data-rl_title=\"C&#039;est bon, les POPTarts\" data-rl_caption=\"\" data-rl_title=\"C&#039;est bon, les POPTarts\" data-rl_caption=\"\"><img data-attachment-id=\"36\" data-orig-file=\"https:\/\/www.christianvonholt.de\/WordPress_01\/wp-content\/uploads\/2016\/07\/IMG_5900.jpg\" data-orig-size=\"3264,2448\" data-comments-opened=\"1\" data-image-meta=\"{&quot;aperture&quot;:&quot;2.2&quot;,&quot;credit&quot;:&quot;&quot;,&quot;camera&quot;:&quot;iPhone 5s&quot;,&quot;caption&quot;:&quot;&quot;,&quot;created_timestamp&quot;:&quot;1468172670&quot;,&quot;copyright&quot;:&quot;&quot;,&quot;focal_length&quot;:&quot;4.15&quot;,&quot;iso&quot;:&quot;40&quot;,&quot;shutter_speed&quot;:&quot;0.05&quot;,&quot;title&quot;:&quot;&quot;,&quot;orientation&quot;:&quot;1&quot;}\" data-image-title=\"IMG_5900\" data-image-description=\"&lt;p&gt;C&#8217;est bon, les POPTarts&lt;\/p&gt;\n\" data-medium-file=\"https:\/\/www.christianvonholt.de\/WordPress_01\/wp-content\/uploads\/2016\/07\/IMG_5900-300x225.jpg\" data-large-file=\"https:\/\/www.christianvonholt.de\/WordPress_01\/wp-content\/uploads\/2016\/07\/IMG_5900-1024x768.jpg\" src=\"https:\/\/www.christianvonholt.de\/WordPress_01\/wp-content\/uploads\/2016\/07\/IMG_5900-214x161.jpg\" width=\"214\" height=\"161\" align=\"left\" title=\"C&#039;est bon, les POPTarts\" \/><\/a><div class=\"tiled-gallery-caption\">C&#8217;est bon, les POPTarts<\/div><\/div><\/div><\/div><div class=\"gallery-row\" style=\"width: 655px; height: 482px;\"><div class=\"gallery-group images-1\" style=\"width: 365px; height: 486px;\"><div class=\"tiled-gallery-item tiled-gallery-item-large\"><a  href=\"https:\/\/www.christianvonholt.de\/WordPress_01\/wp-content\/uploads\/2016\/07\/DSCN3902.jpg\" data-rel=\"lightbox-gallery-bGlnaHRib3gtZ2FsbGVyeS1NUT09\" data-rl_title=\"En Prison\" data-rl_caption=\"\" data-rl_title=\"En Prison\" data-rl_caption=\"\"><img data-attachment-id=\"42\" data-orig-file=\"https:\/\/www.christianvonholt.de\/WordPress_01\/wp-content\/uploads\/2016\/07\/DSCN3902.jpg\" data-orig-size=\"3456,4608\" data-comments-opened=\"1\" data-image-meta=\"{&quot;aperture&quot;:&quot;3.3&quot;,&quot;credit&quot;:&quot;&quot;,&quot;camera&quot;:&quot;COOLPIX P600&quot;,&quot;caption&quot;:&quot;&quot;,&quot;created_timestamp&quot;:&quot;1468104722&quot;,&quot;copyright&quot;:&quot;&quot;,&quot;focal_length&quot;:&quot;4.3&quot;,&quot;iso&quot;:&quot;800&quot;,&quot;shutter_speed&quot;:&quot;0.16666666666667&quot;,&quot;title&quot;:&quot;&quot;,&quot;orientation&quot;:&quot;1&quot;}\" data-image-title=\"DSCN3902\" data-image-description=\"&lt;p&gt;En Prison&lt;\/p&gt;\n\" data-medium-file=\"https:\/\/www.christianvonholt.de\/WordPress_01\/wp-content\/uploads\/2016\/07\/DSCN3902-225x300.jpg\" data-large-file=\"https:\/\/www.christianvonholt.de\/WordPress_01\/wp-content\/uploads\/2016\/07\/DSCN3902-768x1024.jpg\" src=\"https:\/\/www.christianvonholt.de\/WordPress_01\/wp-content\/uploads\/2016\/07\/DSCN3902-361x482.jpg\" width=\"361\" height=\"482\" align=\"left\" title=\"En Prison\" \/><\/a><div class=\"tiled-gallery-caption\">En Prison<\/div><\/div><\/div><div class=\"gallery-group images-3\" style=\"width: 290px; height: 486px;\"><div class=\"tiled-gallery-item tiled-gallery-item-large\"><a  href=\"https:\/\/www.christianvonholt.de\/WordPress_01\/wp-content\/uploads\/2016\/07\/IMG_0308.jpg\" data-rel=\"lightbox-gallery-bGlnaHRib3gtZ2FsbGVyeS1NUT09\" data-rl_title=\"Das Haus am See\" data-rl_caption=\"\" data-rl_title=\"Das Haus am See\" data-rl_caption=\"\"><img data-attachment-id=\"40\" data-orig-file=\"https:\/\/www.christianvonholt.de\/WordPress_01\/wp-content\/uploads\/2016\/07\/IMG_0308.jpg\" data-orig-size=\"5184,2912\" data-comments-opened=\"1\" data-image-meta=\"{&quot;aperture&quot;:&quot;4&quot;,&quot;credit&quot;:&quot;&quot;,&quot;camera&quot;:&quot;Canon PowerShot SX720 HS&quot;,&quot;caption&quot;:&quot;&quot;,&quot;created_timestamp&quot;:&quot;1468594591&quot;,&quot;copyright&quot;:&quot;&quot;,&quot;focal_length&quot;:&quot;4.3&quot;,&quot;iso&quot;:&quot;80&quot;,&quot;shutter_speed&quot;:&quot;0.005&quot;,&quot;title&quot;:&quot;&quot;,&quot;orientation&quot;:&quot;1&quot;}\" data-image-title=\"IMG_0308\" data-image-description=\"&lt;p&gt;Das Haus am See&lt;\/p&gt;\n\" data-medium-file=\"https:\/\/www.christianvonholt.de\/WordPress_01\/wp-content\/uploads\/2016\/07\/IMG_0308-300x169.jpg\" data-large-file=\"https:\/\/www.christianvonholt.de\/WordPress_01\/wp-content\/uploads\/2016\/07\/IMG_0308-1024x575.jpg\" src=\"https:\/\/www.christianvonholt.de\/WordPress_01\/wp-content\/uploads\/2016\/07\/IMG_0308-286x161.jpg\" width=\"286\" height=\"161\" align=\"left\" title=\"Das Haus am See\" \/><\/a><div class=\"tiled-gallery-caption\">Das Haus am See<\/div><\/div><div class=\"tiled-gallery-item tiled-gallery-item-large\"><a  href=\"https:\/\/www.christianvonholt.de\/WordPress_01\/wp-content\/uploads\/2016\/07\/IMG_5907.jpg\" data-rel=\"lightbox-gallery-bGlnaHRib3gtZ2FsbGVyeS1NUT09\" data-rl_title=\"Unser See\" data-rl_caption=\"\" data-rl_title=\"Unser See\" data-rl_caption=\"\"><img data-attachment-id=\"37\" data-orig-file=\"https:\/\/www.christianvonholt.de\/WordPress_01\/wp-content\/uploads\/2016\/07\/IMG_5907.jpg\" data-orig-size=\"7346,2534\" data-comments-opened=\"1\" data-image-meta=\"{&quot;aperture&quot;:&quot;2.2&quot;,&quot;credit&quot;:&quot;&quot;,&quot;camera&quot;:&quot;iPhone 5s&quot;,&quot;caption&quot;:&quot;&quot;,&quot;created_timestamp&quot;:&quot;1468249730&quot;,&quot;copyright&quot;:&quot;&quot;,&quot;focal_length&quot;:&quot;4.15&quot;,&quot;iso&quot;:&quot;32&quot;,&quot;shutter_speed&quot;:&quot;0.00070721357850071&quot;,&quot;title&quot;:&quot;&quot;,&quot;orientation&quot;:&quot;1&quot;}\" data-image-title=\"IMG_5907\" data-image-description=\"&lt;p&gt;Unser See&lt;\/p&gt;\n\" data-medium-file=\"https:\/\/www.christianvonholt.de\/WordPress_01\/wp-content\/uploads\/2016\/07\/IMG_5907-300x103.jpg\" data-large-file=\"https:\/\/www.christianvonholt.de\/WordPress_01\/wp-content\/uploads\/2016\/07\/IMG_5907-1024x353.jpg\" src=\"https:\/\/www.christianvonholt.de\/WordPress_01\/wp-content\/uploads\/2016\/07\/IMG_5907-286x99.jpg\" width=\"286\" height=\"99\" align=\"left\" title=\"Unser See\" \/><\/a><div class=\"tiled-gallery-caption\">Unser See<\/div><\/div><div class=\"tiled-gallery-item tiled-gallery-item-large\"><a  href=\"https:\/\/www.christianvonholt.de\/WordPress_01\/wp-content\/uploads\/2016\/07\/IMG_0195.jpg\" data-rel=\"lightbox-gallery-bGlnaHRib3gtZ2FsbGVyeS1NUT09\" data-rl_title=\"Whalewatching bei Tadoussac\" data-rl_caption=\"\" data-rl_title=\"Whalewatching bei Tadoussac\" data-rl_caption=\"\"><img data-attachment-id=\"39\" data-orig-file=\"https:\/\/www.christianvonholt.de\/WordPress_01\/wp-content\/uploads\/2016\/07\/IMG_0195.jpg\" data-orig-size=\"5184,3888\" data-comments-opened=\"1\" data-image-meta=\"{&quot;aperture&quot;:&quot;6.3&quot;,&quot;credit&quot;:&quot;&quot;,&quot;camera&quot;:&quot;Canon PowerShot SX720 HS&quot;,&quot;caption&quot;:&quot;&quot;,&quot;created_timestamp&quot;:&quot;1468366314&quot;,&quot;copyright&quot;:&quot;&quot;,&quot;focal_length&quot;:&quot;107.669&quot;,&quot;iso&quot;:&quot;400&quot;,&quot;shutter_speed&quot;:&quot;0.001&quot;,&quot;title&quot;:&quot;&quot;,&quot;orientation&quot;:&quot;1&quot;}\" data-image-title=\"IMG_0195\" data-image-description=\"&lt;p&gt;Whalewatching bei Tadoussac&lt;\/p&gt;\n\" data-medium-file=\"https:\/\/www.christianvonholt.de\/WordPress_01\/wp-content\/uploads\/2016\/07\/IMG_0195-300x225.jpg\" data-large-file=\"https:\/\/www.christianvonholt.de\/WordPress_01\/wp-content\/uploads\/2016\/07\/IMG_0195-1024x768.jpg\" src=\"https:\/\/www.christianvonholt.de\/WordPress_01\/wp-content\/uploads\/2016\/07\/IMG_0195-286x214.jpg\" width=\"286\" height=\"214\" align=\"left\" title=\"Whalewatching bei Tadoussac\" \/><\/a><div class=\"tiled-gallery-caption\">Whalewatching bei Tadoussac<\/div><\/div><\/div><\/div><div class=\"gallery-row\" style=\"width: 655px; height: 188px;\"><div class=\"gallery-group images-1\" style=\"width: 254px; height: 192px;\"><div class=\"tiled-gallery-item tiled-gallery-item-large\"><a  href=\"https:\/\/www.christianvonholt.de\/WordPress_01\/wp-content\/uploads\/2016\/07\/IMG_0194.jpg\" data-rel=\"lightbox-gallery-bGlnaHRib3gtZ2FsbGVyeS1NUT09\" data-rl_title=\"Whalewatching\" data-rl_caption=\"\" data-rl_title=\"Whalewatching\" data-rl_caption=\"\"><img data-attachment-id=\"41\" data-orig-file=\"https:\/\/www.christianvonholt.de\/WordPress_01\/wp-content\/uploads\/2016\/07\/IMG_0194.jpg\" data-orig-size=\"5184,3888\" data-comments-opened=\"1\" data-image-meta=\"{&quot;aperture&quot;:&quot;4&quot;,&quot;credit&quot;:&quot;&quot;,&quot;camera&quot;:&quot;Canon PowerShot SX720 HS&quot;,&quot;caption&quot;:&quot;&quot;,&quot;created_timestamp&quot;:&quot;1468364391&quot;,&quot;copyright&quot;:&quot;&quot;,&quot;focal_length&quot;:&quot;4.3&quot;,&quot;iso&quot;:&quot;160&quot;,&quot;shutter_speed&quot;:&quot;0.001&quot;,&quot;title&quot;:&quot;&quot;,&quot;orientation&quot;:&quot;1&quot;}\" data-image-title=\"IMG_0194\" data-image-description=\"&lt;p&gt;Whalewatching&lt;\/p&gt;\n\" data-medium-file=\"https:\/\/www.christianvonholt.de\/WordPress_01\/wp-content\/uploads\/2016\/07\/IMG_0194-300x225.jpg\" data-large-file=\"https:\/\/www.christianvonholt.de\/WordPress_01\/wp-content\/uploads\/2016\/07\/IMG_0194-1024x768.jpg\" src=\"https:\/\/www.christianvonholt.de\/WordPress_01\/wp-content\/uploads\/2016\/07\/IMG_0194-250x188.jpg\" width=\"250\" height=\"188\" align=\"left\" title=\"Whalewatching\" \/><\/a><div class=\"tiled-gallery-caption\">Whalewatching<\/div><\/div><\/div><div class=\"gallery-group images-1\" style=\"width: 401px; height: 192px;\"><div class=\"tiled-gallery-item tiled-gallery-item-large\"><a  href=\"https:\/\/www.christianvonholt.de\/WordPress_01\/wp-content\/uploads\/2016\/07\/img_6007.jpg\" data-rel=\"lightbox-gallery-bGlnaHRib3gtZ2FsbGVyeS1NUT09\" data-rl_title=\"\" data-rl_caption=\"\" data-rl_title=\"\" data-rl_caption=\"\"><img data-attachment-id=\"44\" data-orig-file=\"https:\/\/www.christianvonholt.de\/WordPress_01\/wp-content\/uploads\/2016\/07\/img_6007.jpg\" data-orig-size=\"5184,2456\" data-comments-opened=\"1\" data-image-meta=\"{&quot;aperture&quot;:&quot;0&quot;,&quot;credit&quot;:&quot;&quot;,&quot;camera&quot;:&quot;&quot;,&quot;caption&quot;:&quot;&quot;,&quot;created_timestamp&quot;:&quot;0&quot;,&quot;copyright&quot;:&quot;&quot;,&quot;focal_length&quot;:&quot;0&quot;,&quot;iso&quot;:&quot;0&quot;,&quot;shutter_speed&quot;:&quot;0&quot;,&quot;title&quot;:&quot;&quot;,&quot;orientation&quot;:&quot;1&quot;}\" data-image-title=\"img_6007.jpg\" data-image-description=\"\" data-medium-file=\"https:\/\/www.christianvonholt.de\/WordPress_01\/wp-content\/uploads\/2016\/07\/img_6007-300x142.jpg\" data-large-file=\"https:\/\/www.christianvonholt.de\/WordPress_01\/wp-content\/uploads\/2016\/07\/img_6007-1024x485.jpg\" src=\"https:\/\/www.christianvonholt.de\/WordPress_01\/wp-content\/uploads\/2016\/07\/img_6007-397x188.jpg\" width=\"397\" height=\"188\" align=\"left\" title=\"\" \/><\/a><\/div><\/div><\/div><\/div>\n<div class=\"shariff\"><ul class=\"shariff-buttons theme-default orientation-horizontal buttonsize-medium\"><li class=\"shariff-button facebook shariff-nocustomcolor\" style=\"background-color:#4273c8\"><a href=\"https:\/\/www.facebook.com\/sharer\/sharer.php?u=https%3A%2F%2Fwww.christianvonholt.de%2F%3Fp%3D23\" title=\"Bei Facebook teilen\" aria-label=\"Bei Facebook teilen\" role=\"button\" rel=\"nofollow\" class=\"shariff-link\" style=\"; background-color:#3b5998; color:#fff\" target=\"_blank\"><span class=\"shariff-icon\" style=\"\"><svg width=\"32px\" height=\"20px\" xmlns=\"http:\/\/www.w3.org\/2000\/svg\" viewBox=\"0 0 18 32\"><path fill=\"#3b5998\" d=\"M17.1 0.2v4.7h-2.8q-1.5 0-2.1 0.6t-0.5 1.9v3.4h5.2l-0.7 5.3h-4.5v13.6h-5.5v-13.6h-4.5v-5.3h4.5v-3.9q0-3.3 1.9-5.2t5-1.8q2.6 0 4.1 0.2z\"\/><\/svg><\/span><span class=\"shariff-text\">teilen<\/span>&nbsp;<\/a><\/li><li class=\"shariff-button whatsapp shariff-nocustomcolor\" style=\"background-color:#5cbe4a\"><a href=\"https:\/\/api.whatsapp.com\/send?text=https%3A%2F%2Fwww.christianvonholt.de%2F%3Fp%3D23%20Los%20gehts%21%20Kanada%20Montr%C3%A9al%2C%20Trois-Rivi%C3%A8res%20%26%20Tadoussac\" title=\"Bei Whatsapp teilen\" aria-label=\"Bei Whatsapp teilen\" role=\"button\" rel=\"noopener nofollow\" class=\"shariff-link\" style=\"; background-color:#34af23; color:#fff\" target=\"_blank\"><span class=\"shariff-icon\" style=\"\"><svg width=\"32px\" height=\"20px\" xmlns=\"http:\/\/www.w3.org\/2000\/svg\" viewBox=\"0 0 32 32\"><path fill=\"#34af23\" d=\"M17.6 17.4q0.2 0 1.7 0.8t1.6 0.9q0 0.1 0 0.3 0 0.6-0.3 1.4-0.3 0.7-1.3 1.2t-1.8 0.5q-1 0-3.4-1.1-1.7-0.8-3-2.1t-2.6-3.3q-1.3-1.9-1.3-3.5v-0.1q0.1-1.6 1.3-2.8 0.4-0.4 0.9-0.4 0.1 0 0.3 0t0.3 0q0.3 0 0.5 0.1t0.3 0.5q0.1 0.4 0.6 1.6t0.4 1.3q0 0.4-0.6 1t-0.6 0.8q0 0.1 0.1 0.3 0.6 1.3 1.8 2.4 1 0.9 2.7 1.8 0.2 0.1 0.4 0.1 0.3 0 1-0.9t0.9-0.9zM14 26.9q2.3 0 4.3-0.9t3.6-2.4 2.4-3.6 0.9-4.3-0.9-4.3-2.4-3.6-3.6-2.4-4.3-0.9-4.3 0.9-3.6 2.4-2.4 3.6-0.9 4.3q0 3.6 2.1 6.6l-1.4 4.2 4.3-1.4q2.8 1.9 6.2 1.9zM14 2.2q2.7 0 5.2 1.1t4.3 2.9 2.9 4.3 1.1 5.2-1.1 5.2-2.9 4.3-4.3 2.9-5.2 1.1q-3.5 0-6.5-1.7l-7.4 2.4 2.4-7.2q-1.9-3.2-1.9-6.9 0-2.7 1.1-5.2t2.9-4.3 4.3-2.9 5.2-1.1z\"\/><\/svg><\/span><span class=\"shariff-text\">teilen<\/span>&nbsp;<\/a><\/li><\/ul><\/div>\n","protected":false},"excerpt":{"rendered":"<p>IT\u2026IS\u2026ON!! Nachdem die letzten Tage in Bonn erwartungsgem\u00e4\u00df von zunehmend hektischen Vorbereitungen dominiert worden waren, war es dann schlie\u00dflich soweit! Montag der 4. Juli, alles soweit gepackt- und mal wieder mehr als gedacht\u2026\u00a0 Also Wohnungs\u00fcbergabe, und ab zum Bahnhof- heute ging es erst mal zu meinem Bruder nach Frankfurt, von dort sollte am n\u00e4chsten Morgen &hellip; <a href=\"https:\/\/www.christianvonholt.de\/?p=23\" class=\"more-link\"><span class=\"screen-reader-text\">Los gehts! Kanada Montr\u00e9al, Trois-Rivi\u00e8res &#038; Tadoussac<\/span> weiterlesen<\/a><\/p>\n","protected":false},"author":1,"featured_media":29,"comment_status":"open","ping_status":"open","sticky":false,"template":"","format":"standard","meta":[],"categories":[2],"tags":[],"_links":{"self":[{"href":"https:\/\/www.christianvonholt.de\/index.php?rest_route=\/wp\/v2\/posts\/23"}],"collection":[{"href":"https:\/\/www.christianvonholt.de\/index.php?rest_route=\/wp\/v2\/posts"}],"about":[{"href":"https:\/\/www.christianvonholt.de\/index.php?rest_route=\/wp\/v2\/types\/post"}],"author":[{"embeddable":true,"href":"https:\/\/www.christianvonholt.de\/index.php?rest_route=\/wp\/v2\/users\/1"}],"replies":[{"embeddable":true,"href":"https:\/\/www.christianvonholt.de\/index.php?rest_route=%2Fwp%2Fv2%2Fcomments&post=23"}],"version-history":[{"count":10,"href":"https:\/\/www.christianvonholt.de\/index.php?rest_route=\/wp\/v2\/posts\/23\/revisions"}],"predecessor-version":[{"id":107,"href":"https:\/\/www.christianvonholt.de\/index.php?rest_route=\/wp\/v2\/posts\/23\/revisions\/107"}],"wp:featuredmedia":[{"embeddable":true,"href":"https:\/\/www.christianvonholt.de\/index.php?rest_route=\/wp\/v2\/media\/29"}],"wp:attachment":[{"href":"https:\/\/www.christianvonholt.de\/index.php?rest_route=%2Fwp%2Fv2%2Fmedia&parent=23"}],"wp:term":[{"taxonomy":"category","embeddable":true,"href":"https:\/\/www.christianvonholt.de\/index.php?rest_route=%2Fwp%2Fv2%2Fcategories&post=23"},{"taxonomy":"post_tag","embeddable":true,"href":"https:\/\/www.christianvonholt.de\/index.php?rest_route=%2Fwp%2Fv2%2Ftags&post=23"}],"curies":[{"name":"wp","href":"https:\/\/api.w.org\/{rel}","templated":true}]}}